{"id":684,"date":"2014-05-23T16:01:58","date_gmt":"2014-05-23T14:01:58","guid":{"rendered":"https:\/\/ad-dialoguesange.org\/?p=684"},"modified":"2025-05-05T10:51:20","modified_gmt":"2025-05-05T08:51:20","slug":"ce-que-lon-sait-de-lili-et-joseph","status":"publish","type":"post","link":"https:\/\/ad-dialoguesange.org\/hu\/ce-que-lon-sait-de-lili-et-joseph\/","title":{"rendered":"Mit tudunk Lilir\u0151l \u00e9s J\u00f3zsefr\u0151l"},"content":{"rendered":"<p style=\"text-align: justify;\">On sait assez peu de choses sur Lili, et encore moins sur Joseph qui ne participa qu&rsquo;\u00e9pisodiquement aux entretiens et f\u00fbt happ\u00e9 par la Shoah six mois avant Hanna et Lili.<\/p>\n<p style=\"text-align: justify;\">On en sait toutefois suffisamment pour appr\u00e9hender dans quel \u00e9tat d&rsquo;esprit ils ont abord\u00e9 les <em>P\u00e1rbesz\u00e9dek<\/em> et combien ils ont \u00e9t\u00e9 d\u00e9cap\u00e9s et renouvel\u00e9s par les messages \u00e9tonnants de g\u00e9n\u00e9rosit\u00e9 et d&rsquo;acuit\u00e9 de leurs anges : \u00ab\u00a0celui qui aide\u00a0\u00bb pour Lili et \u00ab\u00a0celui qui b\u00e2tit\u00a0\u00bb pour Joseph.<br \/>\nApr\u00e8s Gitta et Hanna, Fran\u00e7oise Maupin dresse d&rsquo;eux des portraits sensibles qui compl\u00e8tent l&rsquo;esquisse de l&rsquo;Homme que les quatre de Budaliget ont \u00e9t\u00e9 appel\u00e9s \u00e0 incarner :<\/p>\n<p style=\"text-align: left; padding-left: 60px;\">L&rsquo;Homme est celui qui b\u00e2tit, qui aide,<br \/>\nami egy sug\u00e1rz\u00f3 er\u0151,<br \/>\naki m\u00e9rt\u00e9ktart\u00f3an cselekszik.<br \/>\n(<em>P\u00e1rbesz\u00e9dek az angyallal<\/em>E39, 241. o.)<\/p>\n<p>Ezeket a portr\u00e9kat a <a title=\"P\u00e1rbesz\u00e9dek az angyallal - {Dokumentumok}\" href=\"http:\/\/www.dialogues-ange.fr\" target=\"_blank\" rel=\"noopener\">www.dialogues-ange.fr<\/a> :<\/p>\n<ul>\n<ul>\n<ul>\n<li>\n<h3><a title=\"Joseph Kreutzer\" href=\"http:\/\/www.dialogues-ange.fr\/joseph_kreutzer.html\" target=\"_blank\" rel=\"noopener\">J\u00f3zsef, a n\u00e9ma<\/a><\/h3>\n<\/li>\n<li>\n<h3><a title=\"Strausz Lili\" href=\"http:\/\/www.dialogues-ange.fr\/lili_strausz.html\" target=\"_blank\" rel=\"noopener\">Lili, a seg\u00edt\u0151<\/a><\/h3>\n<\/li>\n<\/ul>\n<\/ul>\n<\/ul>","protected":false},"excerpt":{"rendered":"<p>On sait assez peu de choses sur Lili, et encore moins sur Joseph qui ne participa qu&rsquo;\u00e9pisodiquement aux entretiens et f\u00fbt happ\u00e9 par la Shoah six mois avant Hanna et [&hellip;]<\/p>","protected":false},"author":6,"featured_media":1611,"comment_status":"closed","ping_status":"closed","sticky":false,"template":"","format":"standard","meta":{"footnotes":""},"categories":[4],"tags":[],"class_list":["post-684","post","type-post","status-publish","format-standard","has-post-thumbnail","hentry","category-medias"],"blocksy_meta":[],"brizy_media":[],"_links":{"self":[{"href":"https:\/\/ad-dialoguesange.org\/hu\/wp-json\/wp\/v2\/posts\/684","targetHints":{"allow":["GET"]}}],"collection":[{"href":"https:\/\/ad-dialoguesange.org\/hu\/wp-json\/wp\/v2\/posts"}],"about":[{"href":"https:\/\/ad-dialoguesange.org\/hu\/wp-json\/wp\/v2\/types\/post"}],"author":[{"embeddable":true,"href":"https:\/\/ad-dialoguesange.org\/hu\/wp-json\/wp\/v2\/users\/6"}],"replies":[{"embeddable":true,"href":"https:\/\/ad-dialoguesange.org\/hu\/wp-json\/wp\/v2\/comments?post=684"}],"version-history":[{"count":1,"href":"https:\/\/ad-dialoguesange.org\/hu\/wp-json\/wp\/v2\/posts\/684\/revisions"}],"predecessor-version":[{"id":4095,"href":"https:\/\/ad-dialoguesange.org\/hu\/wp-json\/wp\/v2\/posts\/684\/revisions\/4095"}],"wp:featuredmedia":[{"embeddable":true,"href":"https:\/\/ad-dialoguesange.org\/hu\/wp-json\/wp\/v2\/media\/1611"}],"wp:attachment":[{"href":"https:\/\/ad-dialoguesange.org\/hu\/wp-json\/wp\/v2\/media?parent=684"}],"wp:term":[{"taxonomy":"category","embeddable":true,"href":"https:\/\/ad-dialoguesange.org\/hu\/wp-json\/wp\/v2\/categories?post=684"},{"taxonomy":"post_tag","embeddable":true,"href":"https:\/\/ad-dialoguesange.org\/hu\/wp-json\/wp\/v2\/tags?post=684"}],"curies":[{"name":"wp","href":"https:\/\/api.w.org\/{rel}","templated":true}]}}