{"id":500,"date":"2013-02-15T21:04:22","date_gmt":"2013-02-15T20:04:22","guid":{"rendered":"https:\/\/ad-dialoguesange.org\/?p=500"},"modified":"2025-05-05T10:51:20","modified_gmt":"2025-05-05T08:51:20","slug":"gitta-mallasz-au-coeur-de-lhistoire-sur-europe-1","status":"publish","type":"post","link":"https:\/\/ad-dialoguesange.org\/en\/gitta-mallasz-au-coeur-de-lhistoire-sur-europe-1\/","title":{"rendered":"Gitta Mallasz &quot;at the heart of history&quot; on Europe 1"},"content":{"rendered":"<p>This Friday, February 15, Franck Ferrand dedicated his show <a href=\"\/en\/_wp_link_placeholder\/\" data-wplink-edit=\"true\">At the heart of history<\/a> to Gitta Mallasz and the <em>Dialogues with the Angel<\/em>.<\/p>\n<p>Guests:<\/p>\n<ul>\n<li>\n<figure id=\"attachment_504\" aria-describedby=\"caption-attachment-504\" style=\"width: 350px\" class=\"wp-caption alignright\"><img loading=\"lazy\" decoding=\"async\" class=\"size-full wp-image-504\" title=\"Patrice Van Eersel - 2005\" src=\"https:\/\/ad-dialoguesange.org\/wp-content\/uploads\/2013\/02\/P-Van-Eersel-et-J-Binoche-2005-S.jpg\" alt=\"\" width=\"350\" height=\"265\" \/><figcaption id=\"caption-attachment-504\" class=\"wp-caption-text\">Patrice Van Eersel with Dominique Raoul-Duval and Juliette Binoche at Katalin in 2005.<\/figcaption><\/figure>\n<p style=\"text-align: justify\">Patrice Van Eersel, editor-in-chief of <a title=\"Find meaning, find time\" href=\"http:\/\/www.cles.com\" target=\"_blank\" rel=\"noopener\">Keys<\/a> and author of <em>The white source, the astonishing story of the Dialogues with the angel.<\/em><\/p>\n<\/li>\n<li style=\"text-align: justify\">Bernard Montaud, organiser of Gitta's conferences, who lived the last years of her life with him and his wife Patricia. They will write together\u00a0<em>The life and death of Gitta Mallasz<\/em>.<\/li>\n<\/ul>\n<div><span style=\"font-size: 16px\">You can listen to this programme again on Youtube<br \/>\n<\/span><\/div>","protected":false},"excerpt":{"rendered":"<p>Ce vendredi 15 f\u00e9vrier, Franck Ferrand a consacr\u00e9 son \u00e9mission Au coeur de l&rsquo;histoire \u00e0 Gitta Mallasz et aux Dialogues avec l&rsquo;ange. Invit\u00e9s : Patrice Van Eersel, r\u00e9dacteur en chef [&hellip;]<\/p>","protected":false},"author":6,"featured_media":1813,"comment_status":"closed","ping_status":"closed","sticky":false,"template":"","format":"standard","meta":{"footnotes":""},"categories":[7,4],"tags":[],"class_list":["post-500","post","type-post","status-publish","format-standard","has-post-thumbnail","hentry","category-gitta-mallasz","category-medias"],"blocksy_meta":[],"brizy_media":[],"_links":{"self":[{"href":"https:\/\/ad-dialoguesange.org\/en\/wp-json\/wp\/v2\/posts\/500","targetHints":{"allow":["GET"]}}],"collection":[{"href":"https:\/\/ad-dialoguesange.org\/en\/wp-json\/wp\/v2\/posts"}],"about":[{"href":"https:\/\/ad-dialoguesange.org\/en\/wp-json\/wp\/v2\/types\/post"}],"author":[{"embeddable":true,"href":"https:\/\/ad-dialoguesange.org\/en\/wp-json\/wp\/v2\/users\/6"}],"replies":[{"embeddable":true,"href":"https:\/\/ad-dialoguesange.org\/en\/wp-json\/wp\/v2\/comments?post=500"}],"version-history":[{"count":5,"href":"https:\/\/ad-dialoguesange.org\/en\/wp-json\/wp\/v2\/posts\/500\/revisions"}],"predecessor-version":[{"id":10683,"href":"https:\/\/ad-dialoguesange.org\/en\/wp-json\/wp\/v2\/posts\/500\/revisions\/10683"}],"wp:featuredmedia":[{"embeddable":true,"href":"https:\/\/ad-dialoguesange.org\/en\/wp-json\/wp\/v2\/media\/1813"}],"wp:attachment":[{"href":"https:\/\/ad-dialoguesange.org\/en\/wp-json\/wp\/v2\/media?parent=500"}],"wp:term":[{"taxonomy":"category","embeddable":true,"href":"https:\/\/ad-dialoguesange.org\/en\/wp-json\/wp\/v2\/categories?post=500"},{"taxonomy":"post_tag","embeddable":true,"href":"https:\/\/ad-dialoguesange.org\/en\/wp-json\/wp\/v2\/tags?post=500"}],"curies":[{"name":"wp","href":"https:\/\/api.w.org\/{rel}","templated":true}]}}