{"id":13831,"global_id":"ad-dialoguesange.org\/en?id=13831","global_id_lineage":["ad-dialoguesange.org\/en?id=13831"],"author":"6","status":"publish","date":"2022-03-01 20:00:09","date_utc":"2022-03-01 19:00:09","modified":"2025-10-15 15:25:33","modified_utc":"2025-10-15 13:25:33","url":"https:\/\/ad-dialoguesange.org\/en\/event\/visio-rencontre-dialogues-ange-2025-11-06\/","rest_url":"https:\/\/ad-dialoguesange.org\/en\/wp-json\/tribe\/events\/v1\/events\/13831","title":"Visio-rencontre autour des \u00ab\u00a0Dialogues avec l&rsquo;Ange\u00a0\u00bb","description":"<h1 style=\"text-align: center;\">Visio-rencontre autour du livre<br \/>\n\u00ab\u00a0Dialogues avec l&rsquo;Ange\u00a0\u00bb<\/h1>\n<h3 style=\"text-align: center;\"><span style=\"color: #0000ff;\">jeudi 6 novembre 2025 \u00e0 20h00<br \/>\n<\/span><\/h3>\n<h4 style=\"text-align: center;\">En visioconf\u00e9rence par \u00ab Zoom \u00bb de 2oh \u00e0 21h<\/h4>\n<p>Chers amis assidus aux visio-ateliers de Marguerite,<\/p>\n<p>Nous vous proposons de nous retrouver en visio, une ou deux semaines avant le visio-atelier de Marguerite pour lire ensemble le th\u00e8me qu&rsquo;elle nous propose de m\u00e9diter. Nous pourrons \u00e9changer sur les questions que ces passages des Dialogues suscitent en nous pour notre vie.<\/p>\n<p>Marguerite nous a souvent dit combien elle a \u00e0 c\u0153ur de partir de nos questions pour \u00e9clairer l&rsquo;enseignement des Dialogues.<br \/>\nLes questions que nous aurons soulev\u00e9es lui seront remont\u00e9es pour enrichir les \u00e9changes avec elle pour l&rsquo;atelier \u00e0 venir.<\/p>\n<p>Pour nous aussi, risquer ce partage sera une occasion enrichissante d&rsquo;ancrer cet enseignement dans notre quotidien.<\/p>\n<p>En esp\u00e9rant nous retrouver quelques uns pour ce partage pr\u00e9paratoire.<br \/>\nL&rsquo;\u00e9quipe de ADDA<\/p>\n<h4>Informations pratiques:<\/h4>\n<p>Vous recevrez, dans une lettre d&rsquo;information dans la semaine qui pr\u00e9c\u00e8de, le lien de connexion pour rejoindre la rencontre et le diaporama des extraits des Dialogues que nous partagerons.<\/p>\n<h4><strong>Horaires :<\/strong><\/h4>\n<p>le\u00a0 jeudi pr\u00e9c\u00e9dant d&rsquo;une ou deux semaine le visio-atelier de Marguerite de 2oh \u00e0 21h<\/p>\n<h4><strong>Prochaines dates e<\/strong><strong>n 2026 : <\/strong><\/h4>\n<p>8 janvier, 5 mars, 7 mai<\/p>\n<p>&nbsp;<\/p>\n<div style=\"background-color: #ffffff; border: 1px solid; padding: 1px 20px 1px 20px;\">\n<h2><span style=\"color: #800080;\"><strong>Recevoir le lien de connexion<\/strong><\/span><\/h2>\n<ul>\n<li>Vous \u00eates d\u00e9j\u00e0 inscrit sur la liste de diffusion de la lettre d&rsquo;information , vous n&rsquo;avez rien \u00e0 faire, vous pourrez vous connecter directement avec le lien re\u00e7u dans la lettre d&rsquo;information.<\/li>\n<li>Vous n&rsquo;\u00eates pas inscrit \u00e0 la lettre d&rsquo;information, ou vous ne savez plus si vous l&rsquo;\u00eates. <strong>Pour la recevoir, merci de vous inscrire en cliquant sur le bouton ci-dessous<\/strong><\/li>\n<\/ul>\n<p><a href=\"https:\/\/ad-dialoguesange.org\/newsletter\/\"><img loading=\"lazy\" decoding=\"async\" class=\"aligncenter wp-image-11801 size-full\" src=\"https:\/\/ad-dialoguesange.org\/wp-content\/uploads\/2024\/02\/JE-MINSCRIS-A-LA-LETTRE-DINF.png\" alt=\"\" width=\"601\" height=\"73\" srcset=\"https:\/\/ad-dialoguesange.org\/wp-content\/uploads\/2024\/02\/JE-MINSCRIS-A-LA-LETTRE-DINF.png 601w, https:\/\/ad-dialoguesange.org\/wp-content\/uploads\/2024\/02\/JE-MINSCRIS-A-LA-LETTRE-DINF-300x36.png 300w, https:\/\/ad-dialoguesange.org\/wp-content\/uploads\/2024\/02\/JE-MINSCRIS-A-LA-LETTRE-DINF-18x2.png 18w\" sizes=\"auto, (max-width: 601px) 100vw, 601px\" \/><\/a><\/p>\n<\/div>","excerpt":"<p>Une rencontre pr\u00e9paratoire du visio-atelier de lecture partag\u00e9e des Dialogues \u00e0 venir anim\u00e9 par Marguerite Kardos\u2026<\/p>","slug":"visio-rencontre-dialogues-ange-2025-11-06","image":{"url":"https:\/\/ad-dialoguesange.org\/wp-content\/uploads\/2022\/03\/GRoupe-DA2.jpg","id":13832,"extension":"jpg","width":2389,"height":2230,"filesize":776358,"sizes":{"medium":{"width":300,"height":280,"mime-type":"image\/jpeg","filesize":39772,"url":"https:\/\/ad-dialoguesange.org\/wp-content\/uploads\/2022\/03\/GRoupe-DA2-300x280.jpg"},"large":{"width":1024,"height":956,"mime-type":"image\/jpeg","filesize":107041,"url":"https:\/\/ad-dialoguesange.org\/wp-content\/uploads\/2022\/03\/GRoupe-DA2-1024x956.jpg"},"thumbnail":{"width":150,"height":150,"mime-type":"image\/jpeg","filesize":31914,"url":"https:\/\/ad-dialoguesange.org\/wp-content\/uploads\/2022\/03\/GRoupe-DA2-150x150.jpg"},"medium_large":{"width":768,"height":717,"mime-type":"image\/jpeg","filesize":78780,"url":"https:\/\/ad-dialoguesange.org\/wp-content\/uploads\/2022\/03\/GRoupe-DA2-768x717.jpg"},"1536x1536":{"width":1536,"height":1434,"mime-type":"image\/jpeg","filesize":187794,"url":"https:\/\/ad-dialoguesange.org\/wp-content\/uploads\/2022\/03\/GRoupe-DA2-1536x1434.jpg"},"2048x2048":{"width":2048,"height":1912,"mime-type":"image\/jpeg","filesize":305402,"url":"https:\/\/ad-dialoguesange.org\/wp-content\/uploads\/2022\/03\/GRoupe-DA2-2048x1912.jpg"},"trp-custom-language-flag":{"width":13,"height":12,"mime-type":"image\/jpeg","filesize":27485,"url":"https:\/\/ad-dialoguesange.org\/wp-content\/uploads\/2022\/03\/GRoupe-DA2-13x12.jpg"}}},"all_day":false,"start_date":"2025-11-06 20:00:00","start_date_details":{"year":"2025","month":"11","day":"06","hour":"20","minutes":"00","seconds":"00"},"end_date":"2025-11-06 21:00:00","end_date_details":{"year":"2025","month":"11","day":"06","hour":"21","minutes":"00","seconds":"00"},"utc_start_date":"2025-11-06 18:00:00","utc_start_date_details":{"year":"2025","month":"11","day":"06","hour":"18","minutes":"00","seconds":"00"},"utc_end_date":"2025-11-06 19:00:00","utc_end_date_details":{"year":"2025","month":"11","day":"06","hour":"19","minutes":"00","seconds":"00"},"timezone":"UTC+2","timezone_abbr":"UTC+2","cost":"","cost_details":{"currency_symbol":"$","currency_code":"USD\t\t\t\t\t\t\tclass=\t\t\t\t\t\t\tclass=\t\t\t\t\t\t\tclass=\t\t\t\t\t\t\tclass=\t\t\t\t\t\t\tclass=\t\t\t\t\t\t\tclass=\t\t\t\t\t\t\tclass=","currency_position":"prefix","values":[]},"website":"","show_map":false,"show_map_link":false,"hide_from_listings":false,"sticky":false,"featured":false,"categories":[{"name":"\u00c0 la une","slug":"a-la-une","term_group":0,"term_taxonomy_id":37,"taxonomy":"tribe_events_cat","description":"\u00c9v\u00e8nements \u00e0 la une (affich\u00e9s sur la page d'accueil)","parent":36,"count":96,"filter":"raw","id":37,"urls":{"self":"https:\/\/ad-dialoguesange.org\/en\/wp-json\/tribe\/events\/v1\/categories\/37","collection":"https:\/\/ad-dialoguesange.org\/en\/wp-json\/tribe\/events\/v1\/categories","up":"https:\/\/ad-dialoguesange.org\/en\/wp-json\/tribe\/events\/v1\/categories\/36"}},{"name":"Rencontres","slug":"rencontres","term_group":0,"term_taxonomy_id":39,"taxonomy":"tribe_events_cat","description":"Rencontres autour des \u00ab\u00a0Dialogues avec l'Ange\u00a0\u00bb","parent":36,"count":90,"filter":"raw","id":39,"urls":{"self":"https:\/\/ad-dialoguesange.org\/en\/wp-json\/tribe\/events\/v1\/categories\/39","collection":"https:\/\/ad-dialoguesange.org\/en\/wp-json\/tribe\/events\/v1\/categories","up":"https:\/\/ad-dialoguesange.org\/en\/wp-json\/tribe\/events\/v1\/categories\/36"}}],"tags":[{"name":"Dialogues avec l'Ange","slug":"dialogues-avec-lange","term_group":0,"term_taxonomy_id":27,"taxonomy":"post_tag","description":"","parent":0,"count":103,"filter":"raw","id":27,"urls":{"self":"https:\/\/ad-dialoguesange.org\/en\/wp-json\/tribe\/events\/v1\/tags\/27","collection":"https:\/\/ad-dialoguesange.org\/en\/wp-json\/tribe\/events\/v1\/tags"}},{"name":"lecture","slug":"lecture","term_group":0,"term_taxonomy_id":34,"taxonomy":"post_tag","description":"","parent":0,"count":98,"filter":"raw","id":34,"urls":{"self":"https:\/\/ad-dialoguesange.org\/en\/wp-json\/tribe\/events\/v1\/tags\/34","collection":"https:\/\/ad-dialoguesange.org\/en\/wp-json\/tribe\/events\/v1\/tags"}},{"name":"Marguerite Kardos","slug":"marguerite-kardos","term_group":0,"term_taxonomy_id":33,"taxonomy":"post_tag","description":"","parent":0,"count":95,"filter":"raw","id":33,"urls":{"self":"https:\/\/ad-dialoguesange.org\/en\/wp-json\/tribe\/events\/v1\/tags\/33","collection":"https:\/\/ad-dialoguesange.org\/en\/wp-json\/tribe\/events\/v1\/tags"}},{"name":"m\u00e9ditation","slug":"meditation","term_group":0,"term_taxonomy_id":41,"taxonomy":"post_tag","description":"","parent":0,"count":95,"filter":"raw","id":41,"urls":{"self":"https:\/\/ad-dialoguesange.org\/en\/wp-json\/tribe\/events\/v1\/tags\/41","collection":"https:\/\/ad-dialoguesange.org\/en\/wp-json\/tribe\/events\/v1\/tags"}},{"name":"spiritualit\u00e9","slug":"spiritualite","term_group":0,"term_taxonomy_id":42,"taxonomy":"post_tag","description":"","parent":0,"count":96,"filter":"raw","id":42,"urls":{"self":"https:\/\/ad-dialoguesange.org\/en\/wp-json\/tribe\/events\/v1\/tags\/42","collection":"https:\/\/ad-dialoguesange.org\/en\/wp-json\/tribe\/events\/v1\/tags"}},{"name":"visioconf\u00e9rence","slug":"visioconference","term_group":0,"term_taxonomy_id":35,"taxonomy":"post_tag","description":"","parent":0,"count":56,"filter":"raw","id":35,"urls":{"self":"https:\/\/ad-dialoguesange.org\/en\/wp-json\/tribe\/events\/v1\/tags\/35","collection":"https:\/\/ad-dialoguesange.org\/en\/wp-json\/tribe\/events\/v1\/tags"}}],"venue":[],"organizer":[{"id":13576,"author":"6","status":"publish","date":"2025-09-02 16:27:43","date_utc":"2025-09-02 14:27:43","modified":"2025-09-02 16:27:43","modified_utc":"2025-09-02 14:27:43","url":"https:\/\/ad-dialoguesange.org\/en\/organiser\/adda-2\/","organizer":"ADDA","slug":"adda-2","phone":"0650393108","website":"https:\/\/ad-dialoguesange.org\/","email":"info@ad-dialoguesange.org","json_ld":{"@type":"Person","name":"ADDA","description":"","url":"https:\/\/ad-dialoguesange.org\/","telephone":"0650393108","email":"info&#64;&#97;&#100;-&#100;&#105;&#97;l&#111;&#103;&#117;&#101;&#115;an&#103;&#101;&#46;org","sameAs":"https:\/\/ad-dialoguesange.org\/"},"global_id":"ad-dialoguesange.org\/en?id=13576","global_id_lineage":["ad-dialoguesange.org\/en?id=13576"]}],"custom_fields":[],"json_ld":{"@context":"http:\/\/schema.org","@type":"Event","name":"Visio-rencontre autour des \u00ab\u00a0Dialogues avec l&rsquo;Ange\u00a0\u00bb","description":"&lt;p&gt;Une rencontre pr\u00e9paratoire du visio-atelier de lecture partag\u00e9e des Dialogues \u00e0 venir anim\u00e9 par Marguerite Kardos\u2026&lt;\/p&gt;\\n","image":"https:\/\/ad-dialoguesange.org\/wp-content\/uploads\/2022\/03\/GRoupe-DA2.jpg","url":"https:\/\/ad-dialoguesange.org\/en\/event\/visio-rencontre-dialogues-ange-2025-11-06\/","eventAttendanceMode":"https:\/\/schema.org\/OfflineEventAttendanceMode","eventStatus":"https:\/\/schema.org\/EventScheduled","startDate":"2025-11-06T20:00:00+02:00","endDate":"2025-11-06T21:00:00+02:00","organizer":{"@type":"Person","name":"ADDA","description":"","url":"https:\/\/ad-dialoguesange.org\/","telephone":"0650393108","email":"&#105;&#110;fo&#64;&#97;&#100;-&#100;i&#97;&#108;&#111;g&#117;esang&#101;&#46;o&#114;g","sameAs":"https:\/\/ad-dialoguesange.org\/"},"performer":"Organization"}}