{"id":11053,"global_id":"ad-dialoguesange.org\/en?id=11053","global_id_lineage":["ad-dialoguesange.org\/en?id=11053"],"author":"6","status":"publish","date":"2022-03-01 20:00:09","date_utc":"2022-03-01 19:00:09","modified":"2025-05-05 10:52:38","modified_utc":"2025-05-05 08:52:38","url":"https:\/\/ad-dialoguesange.org\/en\/event\/stage-mk-2023-09-30-3\/","rest_url":"https:\/\/ad-dialoguesange.org\/en\/wp-json\/tribe\/events\/v1\/events\/11053","title":"Le monde a soif, en vous la source \u2013 Marguerite Kardos","description":"<h1 style=\"text-align: center\">\u00ab\u00a0Le monde a soif, en vous la source\u00a0\u00bb<\/h1>\n<h3 style=\"text-align: center\">Stage autour des Dialogues avec l\u2019Ange avec<\/h3>\n<h2 style=\"text-align: center\">Marguerite Kardos<\/h2>\n<h4 style=\"text-align: center\">Du samedi 30 septembre au dimanche 1er octobre 2023<\/h4>\n<h5 style=\"text-align: center\">\u00c0 la Cit\u00e9 des Consciences (Paris)<br \/>\nou en visioconf\u00e9rence en direct par Zoom<\/h5>\n<blockquote>\n<p style=\"text-align: center\"><span style=\"color: #3366ff\"><em>Monde Nouveau, libre, vrai, vaste.<\/em><\/span><br \/>\n<span style=\"color: #3366ff\"><em>L\u00e0 vous pouvez habiter.<\/em><\/span><br \/>\n<span style=\"color: #3366ff\"><em>Personne ne peut vous l\u2019enlever,<\/em><\/span><br \/>\n<span style=\"color: #3366ff\"><em>mais vous, vous pouvez le donner.<\/em><\/span><br \/>\n<span style=\"color: #3366ff\"><em>Le monde a soif \u2014 en vous la source.<\/em><\/span><br \/>\n<span style=\"color: #3366ff\"><em>Le monde hurle \u2014 en vous le silence.<\/em><\/span><br \/>\n<span style=\"color: #3366ff\"><em>Le monde pleure \u2014 en vous le seul baume.<\/em><\/span><br \/>\n<span style=\"color: #3366ff\"><em>Au-dessus des lois \u2013 la Gr\u00e2ce.<\/em><\/span><br \/>\n<span style=\"color: #3366ff\"><em>Au-dessus du tourbillon \u2014 le Pont.<\/em><\/span><br \/>\n<span style=\"color: #3366ff\"><em>Au-dessus du g\u00e9missement \u2013 le Sourire.<\/em><\/span><br \/>\n<span style=\"color: #3366ff\"><em>Au-dessus de la folie \u2014 la Paix.<\/em><\/span><br \/>\n<span style=\"color: #3366ff\"><em>(Dialogues avec l\u2019Ange, entretien 46)<\/em><\/span><\/p>\n<\/blockquote>\n<p><em>Dialogues avec l\u2019Ange<\/em>, ce message d\u2019esp\u00e9rance et de foi, r\u00e9sonne dans notre \u00e9poque de transition avec une actualit\u00e9 br\u00fblante.\u00a0Des millions de lecteurs se nourrissent de par le monde des\u00a0<em>Dialogues avec l\u2019Ange<\/em>, traduit en 22 langues.<\/p>\n<p>Une rencontre\u00a0anim\u00e9e\u00a0par Marguerite Kardos pour faire conna\u00eetre et approfondir l\u2019enseignement spirituel des\u00a0<em>Dialogues avec l\u2019ange<\/em>\u00a0et pour aider les participants \u00e0 le vivre au quotidien.<\/p>\n<p>Le stage sera rythm\u00e9 par des temps de lecture des\u00a0<em>Dialogues avec l\u2019Ange<\/em>, de m\u00e9ditation, d\u2019\u00e9changes et de partages des questionnements et des r\u00e9sonances du texte avec l\u2019exp\u00e9rience de chacun, sous le regard flamboyant des anges sum\u00e9riens et persans, h\u00e9breux et chr\u00e9tiens gr\u00e2ce \u00e0 une iconographie abondante.<\/p>\n<p>L\u2019enseignement des anges ouvre de nouveaux yeux et de nouvelles oreilles donnant acc\u00e8s \u00e0 l\u2019inconnu de nous-m\u00eames.<\/p>\n<p><em>Stage ouvert aux membres de l\u2019association La Cit\u00e9 des Consciences (sur simple inscription en ligne ou sur place), dans la limite des places disponibles.<\/em><\/p>\n<h4>Intervenants<\/h4>\n<div id=\"attachment_39689\" class=\"wp-caption alignleft\">\n<p><img loading=\"lazy\" decoding=\"async\" class=\"wp-image-39689 size-thumbnail\" src=\"https:\/\/acielouvertparis.org\/wp-content\/uploads\/2020\/11\/Marguerite_Kardos-Portrait_Home-Carre-150x150.jpg\" alt=\"Marguerite Kardos\" width=\"150\" height=\"150\" aria-describedby=\"caption-attachment-39689\" \/><\/p>\n<p id=\"caption-attachment-39689\" class=\"wp-caption-text\">Marguerite Kardos<\/p>\n<\/div>\n<p><strong>Marguerite Kardos<\/strong> est linguiste-orientaliste, sp\u00e9cialiste du Proche-Orient, de Sumer et des m\u00e9decines sacr\u00e9es. Elle est \u00e9galement th\u00e9rapeute, formatrice en \u00e9nerg\u00e9tique chinoise traditionnelle et vice-pr\u00e9sidente de <a href=\"https:\/\/acielouvertparis.org\/\">l\u2019association \u00c0 Ciel Ouvert Paris<\/a>.<\/p>\n<p>D\u2019origine hongroise et amie proche de Gitta Mallasz, elle est pr\u00e9sidente de l\u2019association <a href=\"https:\/\/ad-dialoguesange.org\/\" target=\"_blank\" rel=\"noopener noreferrer\">ADDA<\/a> qui s\u2019occupe de la diffusion des <em>Dialogues avec l\u2019Ange<\/em>.<\/p>\n<h4><\/h4>\n<h4><\/h4>\n<h4><\/h4>\n<h4>Informations pratiques<\/h4>\n<section id=\"fijnummwsgekofvnzdmjlptxlcxuxbuxbxmx\" class=\"brz-section brz-css-vwbfp\" data-uid=\"fijnummwsgekofvnzdmjlptxlcxuxbuxbxmx\">\n<div class=\"brz-section__content brz-section--fullWidth brz-css-lqbzs brz-css-bkrph\" data-custom-id=\"sinpmjkntzfhmbjzrfwaygispwmpnyqwulxh\">\n<div class=\"brz-container brz-css-audlt brz-css-lslrn\">\n<div class=\"brz-row__container brz-css-humsv\" data-custom-id=\"lhmynnfrxntfpydmdtrvjiwpirfvkkkggutr\">\n<div class=\"brz-row brz-css-zweyr brz-css-ftfhw\">\n<div class=\"brz-columns brz-css-obiok brz-css-xjyky\" data-custom-id=\"stwznvaenhpfwwbrgmhmqcdsfijgmkohcafh\">\n<div class=\"brz-column__items brz-css-knxcn\">\n<div class=\"brz-css-hzkiu brz-css-nkmvx brz-wrapper\">\n<div class=\"brz-wp-post-content brz-css-lzejw brz-css-cbrui\" data-custom-id=\"haiwzawgagnfaalocxlllrsjoqdtbhabmeyq\">\n<div>\n<p>Stage sur 2 jours du samedi 30 septembre \u00e0 14h au dimanche 1er octobre 2023 \u00e0 17h.<\/p>\n<ul>\n<li>Accueil le samedi \u00e0 partir de 13h30 ;<\/li>\n<li>Premier jour : le samedi de 14h00 \u00e0 18h30 ;<\/li>\n<li>Deuxi\u00e8me jour : le dimanche de 10h00 \u00e0 17h00.<\/li>\n<\/ul>\n<h5>Tarifs :<\/h5>\n<h6>En pr\u00e9sentiel \u00e0 la Cit\u00e9 des Consciences (Paris) :<\/h6>\n<ul>\n<li>Tarif soutien (pour soutenir les tarifs solidaire et jeune) : 230 \u20ac<\/li>\n<li>Tarif normal : 200 \u20ac<\/li>\n<li>Tarif solidaire : 170 \u20ac<\/li>\n<li>Tarif jeune (-30 ans) : 100 \u20ac<\/li>\n<\/ul>\n<p>Possibilit\u00e9 de s\u2019inscrire en r\u00e9glant un acompte.<\/p>\n<h6>En visioconf\u00e9rence en direct par Zoom :<\/h6>\n<ul>\n<li>Tarif soutien (pour soutenir les tarifs solidaire et jeune) : 115 \u20ac<\/li>\n<li>Tarif normal : 100 \u20ac<\/li>\n<li>Tarif solidaire : 85 \u20ac<\/li>\n<li>Tarif jeune (-30 ans) : 50 \u20ac<\/li>\n<\/ul>\n<p><strong>Adh\u00e9sion obligatoire \u00e0 l\u2019association \u00ab La Cit\u00e9 des Consciences \u00bb (\u00e0 partir de 15 \u20ac).<\/strong><\/p>\n<h5>Lieu :<\/h5>\n<p>\u00c0 <a href=\"https:\/\/lacitedesconsciences.fr\/\">la Cit\u00e9 des Consciences<\/a>, 24 rue Chanoinesse, 75004 Paris.<\/p>\n<h5>Inscription \u2013 R\u00e9servation \u2013 Participation :<\/h5>\n<p>Pour vous inscrire \u00e0 l\u2019\u00e9v\u00e8nement :<\/p>\n<h6>En pr\u00e9sentiel \u00e0 la Cit\u00e9 des Consciences :<\/h6>\n<p>1) adh\u00e9rez \u00e0 l\u2019association La Cit\u00e9 des Consciences (adh\u00e9sion valable du 1er septembre 2023 au 31 ao\u00fbt 2024) en cliquant sur le bouton ci-dessous pour acc\u00e9der \u00e0 notre formulaire d\u2019adh\u00e9sion en ligne :<br \/>\n<a href=\"https:\/\/la-cite-des-consciences.assoconnect.com\/collect\/description\/330455-g-adhesion-la-cite-des-consciences-2023-2024\" target=\"_blank\" rel=\"noopener noreferrer\"><img loading=\"lazy\" decoding=\"async\" class=\"aligncenter wp-image-40451 size-medium\" src=\"https:\/\/acielouvert.tv\/wp-content\/uploads\/2022\/01\/ACOTV-Bouton-Adhesion-512-300x65.png\" alt=\"J'ADH\u00c8RE \u00c0 L'ASSOCIATION\" width=\"300\" height=\"65\" \/><\/a><br \/>\n2) r\u00e9servez votre place d\u00e8s maintenant en cliquant sur le bouton ci-dessous pour acc\u00e9der \u00e0 notre formulaire d\u2019inscription s\u00e9curis\u00e9, puis suivez les instructions pour vous inscrire :<\/p>\n<h5>en pr\u00e9sentiel \u00e0 la Cit\u00e9 des Consciences \u00e0 Paris :<br \/>\n<a href=\"https:\/\/la-cite-des-consciences.assoconnect.com\/collect\/choice\/332716-s-le-monde-a-soif-en-vous-la-source-marguerite-kardos-30-09-2023-01-10-2023-lcdc\" target=\"_blank\" rel=\"noopener noreferrer\"><img loading=\"lazy\" decoding=\"async\" class=\"aligncenter wp-image-40451 size-medium\" src=\"https:\/\/acielouvert.tv\/wp-content\/uploads\/2022\/01\/ACOTV-Bouton-Inscription-Presentiel-512-300x65.png\" alt=\"JE M'INSCRIS EN PR\u00c9SENTIEL\" width=\"300\" height=\"65\" \/><\/a><u><\/u><\/h5>\n<h5>en ligne en direct par Zoom :<\/h5>\n<p><a href=\"https:\/\/la-cite-des-consciences.assoconnect.com\/collect\/choice\/332993-s-le-monde-a-soif-en-vous-la-source-marguerite-kardos-30-09-2023-01-10-2023-visio\" target=\"_blank\" rel=\"noopener noreferrer\"><img loading=\"lazy\" decoding=\"async\" class=\"aligncenter wp-image-40451 size-medium\" src=\"https:\/\/acielouvert.tv\/wp-content\/uploads\/2022\/01\/ACOTV-Bouton-Inscription-Visio-512-300x65.png\" alt=\"JE M'INSCRIS EN VISIOCONF\u00c9RENCE\" width=\"300\" height=\"65\" \/><\/a><\/p>\n<\/div>\n<\/div>\n<\/div>\n<\/div>\n<\/div>\n<\/div>\n<\/div>\n<\/div>\n<\/div>\n<\/section>","excerpt":"<p>Rythm\u00e9 par des temps de lecture des Dialogues avec l\u2019Ange, des m\u00e9ditations, des partages, des questionnements autour des r\u00e9sonances du texte avec l\u2019exp\u00e9rience de chacun, sous le regard flamboyant des anges sum\u00e9riens et persans, h\u00e9breux et chr\u00e9tiens, l\u2019enseignement des anges ouvre de nouveaux yeux et de nouvelles oreilles donnant acc\u00e8s \u00e0 l\u2019inconnu de nous-m\u00eames.<\/p>","slug":"stage-mk-2023-09-30-3","image":{"url":"https:\/\/ad-dialoguesange.org\/wp-content\/uploads\/2023\/09\/MK-2023-09-30-e1694420785394.jpg","id":10742,"extension":"jpg","width":1626,"height":822,"filesize":331273,"sizes":{"thumbnail":{"width":150,"height":150,"mime-type":"image\/jpeg","filesize":7365,"url":"https:\/\/ad-dialoguesange.org\/wp-content\/uploads\/2023\/09\/MK-2023-09-30-e1694420785394-150x150.jpg"},"medium":{"width":300,"height":152,"mime-type":"image\/jpeg","filesize":14338,"url":"https:\/\/ad-dialoguesange.org\/wp-content\/uploads\/2023\/09\/MK-2023-09-30-e1694420785394-300x152.jpg"},"medium_large":{"width":768,"height":388,"mime-type":"image\/jpeg","filesize":68739,"url":"https:\/\/ad-dialoguesange.org\/wp-content\/uploads\/2023\/09\/MK-2023-09-30-e1694420785394-768x388.jpg"},"large":{"width":1024,"height":518,"mime-type":"image\/jpeg","filesize":108975,"url":"https:\/\/ad-dialoguesange.org\/wp-content\/uploads\/2023\/09\/MK-2023-09-30-e1694420785394-1024x518.jpg"},"1536x1536":{"width":1536,"height":777,"mime-type":"image\/jpeg","filesize":206197,"url":"https:\/\/ad-dialoguesange.org\/wp-content\/uploads\/2023\/09\/MK-2023-09-30-e1694420785394-1536x777.jpg"},"trp-custom-language-flag":{"width":18,"height":9,"mime-type":"image\/jpeg","filesize":405,"url":"https:\/\/ad-dialoguesange.org\/wp-content\/uploads\/2023\/09\/MK-2023-09-30-e1694420785394-18x9.jpg"}}},"all_day":false,"start_date":"2023-09-30 14:00:00","start_date_details":{"year":"2023","month":"09","day":"30","hour":"14","minutes":"00","seconds":"00"},"end_date":"2023-10-01 17:00:00","end_date_details":{"year":"2023","month":"10","day":"01","hour":"17","minutes":"00","seconds":"00"},"utc_start_date":"2023-09-30 11:00:00","utc_start_date_details":{"year":"2023","month":"09","day":"30","hour":"11","minutes":"00","seconds":"00"},"utc_end_date":"2023-10-01 14:00:00","utc_end_date_details":{"year":"2023","month":"10","day":"01","hour":"14","minutes":"00","seconds":"00"},"timezone":"UTC+2","timezone_abbr":"UTC+2","cost":"","cost_details":{"currency_symbol":"","currency_code":"","currency_position":"prefix","values":[]},"website":"","show_map":false,"show_map_link":false,"hide_from_listings":false,"sticky":false,"featured":false,"categories":[{"name":"\u00c0 la une","slug":"a-la-une","term_group":0,"term_taxonomy_id":37,"taxonomy":"tribe_events_cat","description":"\u00c9v\u00e8nements \u00e0 la une (affich\u00e9s sur la page d'accueil)","parent":36,"count":96,"filter":"raw","id":37,"urls":{"self":"https:\/\/ad-dialoguesange.org\/en\/wp-json\/tribe\/events\/v1\/categories\/37","collection":"https:\/\/ad-dialoguesange.org\/en\/wp-json\/tribe\/events\/v1\/categories","up":"https:\/\/ad-dialoguesange.org\/en\/wp-json\/tribe\/events\/v1\/categories\/36"}},{"name":"Stages","slug":"stages","term_group":0,"term_taxonomy_id":38,"taxonomy":"tribe_events_cat","description":"Stages autour des \u00ab\u00a0Dialogues avec l'Ange\u00a0\u00bb","parent":36,"count":6,"filter":"raw","id":38,"urls":{"self":"https:\/\/ad-dialoguesange.org\/en\/wp-json\/tribe\/events\/v1\/categories\/38","collection":"https:\/\/ad-dialoguesange.org\/en\/wp-json\/tribe\/events\/v1\/categories","up":"https:\/\/ad-dialoguesange.org\/en\/wp-json\/tribe\/events\/v1\/categories\/36"}}],"tags":[{"name":"Dialogues avec l'Ange","slug":"dialogues-avec-lange","term_group":0,"term_taxonomy_id":27,"taxonomy":"post_tag","description":"","parent":0,"count":103,"filter":"raw","id":27,"urls":{"self":"https:\/\/ad-dialoguesange.org\/en\/wp-json\/tribe\/events\/v1\/tags\/27","collection":"https:\/\/ad-dialoguesange.org\/en\/wp-json\/tribe\/events\/v1\/tags"}},{"name":"lecture","slug":"lecture","term_group":0,"term_taxonomy_id":34,"taxonomy":"post_tag","description":"","parent":0,"count":98,"filter":"raw","id":34,"urls":{"self":"https:\/\/ad-dialoguesange.org\/en\/wp-json\/tribe\/events\/v1\/tags\/34","collection":"https:\/\/ad-dialoguesange.org\/en\/wp-json\/tribe\/events\/v1\/tags"}},{"name":"Marguerite Kardos","slug":"marguerite-kardos","term_group":0,"term_taxonomy_id":33,"taxonomy":"post_tag","description":"","parent":0,"count":95,"filter":"raw","id":33,"urls":{"self":"https:\/\/ad-dialoguesange.org\/en\/wp-json\/tribe\/events\/v1\/tags\/33","collection":"https:\/\/ad-dialoguesange.org\/en\/wp-json\/tribe\/events\/v1\/tags"}},{"name":"m\u00e9ditation","slug":"meditation","term_group":0,"term_taxonomy_id":41,"taxonomy":"post_tag","description":"","parent":0,"count":95,"filter":"raw","id":41,"urls":{"self":"https:\/\/ad-dialoguesange.org\/en\/wp-json\/tribe\/events\/v1\/tags\/41","collection":"https:\/\/ad-dialoguesange.org\/en\/wp-json\/tribe\/events\/v1\/tags"}},{"name":"spiritualit\u00e9","slug":"spiritualite","term_group":0,"term_taxonomy_id":42,"taxonomy":"post_tag","description":"","parent":0,"count":96,"filter":"raw","id":42,"urls":{"self":"https:\/\/ad-dialoguesange.org\/en\/wp-json\/tribe\/events\/v1\/tags\/42","collection":"https:\/\/ad-dialoguesange.org\/en\/wp-json\/tribe\/events\/v1\/tags"}},{"name":"visioconf\u00e9rence","slug":"visioconference","term_group":0,"term_taxonomy_id":35,"taxonomy":"post_tag","description":"","parent":0,"count":56,"filter":"raw","id":35,"urls":{"self":"https:\/\/ad-dialoguesange.org\/en\/wp-json\/tribe\/events\/v1\/tags\/35","collection":"https:\/\/ad-dialoguesange.org\/en\/wp-json\/tribe\/events\/v1\/tags"}}],"venue":{"id":7143,"author":"5","status":"publish","date":"2022-02-27 23:50:42","date_utc":"2022-02-27 22:50:42","modified":"2022-02-27 23:50:42","modified_utc":"2022-02-27 22:50:42","url":"https:\/\/ad-dialoguesange.org\/en\/venue\/a-la-cite-des-consciences\/","venue":"\u00c0 la Cite des Consciences","slug":"a-la-cite-des-consciences","address":"24 rue Chanoinesse","city":"Paris","country":"France","province":"Paris","zip":"75004","phone":"0661362398","website":"https:\/\/lacitedesconsciences.fr\/","stateprovince":"Paris","json_ld":{"@type":"Place","name":"\u00c0 la Cite des Consciences","description":"","url":"","address":{"@type":"PostalAddress","streetAddress":"24 rue Chanoinesse","addressLocality":"Paris","addressRegion":"Paris","postalCode":"75004","addressCountry":"France"},"telephone":"0661362398","sameAs":"https:\/\/lacitedesconsciences.fr\/"},"show_map":true,"show_map_link":true,"global_id":"ad-dialoguesange.org\/en?id=7143","global_id_lineage":["ad-dialoguesange.org\/en?id=7143"]},"organizer":[{"id":10746,"author":"4","status":"publish","date":"2023-09-11 10:16:47","date_utc":"2023-09-11 08:16:47","modified":"2023-09-11 10:16:47","modified_utc":"2023-09-11 08:16:47","url":"https:\/\/ad-dialoguesange.org\/en\/organiser\/la-cite-des-consciences\/","organizer":"La Cit\u00e9 des Consciences","slug":"la-cite-des-consciences","json_ld":{"@type":"Person","name":"La Cit\u00e9 des Consciences","description":"","url":"","telephone":"","email":"","sameAs":""},"global_id":"ad-dialoguesange.org\/en?id=10746","global_id_lineage":["ad-dialoguesange.org\/en?id=10746"]}],"custom_fields":[],"json_ld":{"@context":"http:\/\/schema.org","@type":"Event","name":"Le monde a soif, en vous la source \u2013 Marguerite Kardos","description":"&lt;p&gt;Rythm\u00e9 par des temps de lecture des Dialogues avec l\u2019Ange, des m\u00e9ditations, des partages, des questionnements autour des r\u00e9sonances du texte avec l\u2019exp\u00e9rience de chacun, sous le regard flamboyant des anges sum\u00e9riens et persans, h\u00e9breux et chr\u00e9tiens, l\u2019enseignement des anges ouvre de nouveaux yeux et de nouvelles oreilles donnant acc\u00e8s \u00e0 l\u2019inconnu de nous-m\u00eames.&lt;\/p&gt;\\n","image":"https:\/\/ad-dialoguesange.org\/wp-content\/uploads\/2023\/09\/MK-2023-09-30-e1694420785394.jpg","url":"https:\/\/ad-dialoguesange.org\/en\/event\/stage-mk-2023-09-30-3\/","eventAttendanceMode":"https:\/\/schema.org\/OfflineEventAttendanceMode","eventStatus":"https:\/\/schema.org\/EventScheduled","startDate":"2023-09-30T14:00:00+02:00","endDate":"2023-10-01T17:00:00+02:00","location":{"@type":"Place","name":"\u00c0 la Cite des Consciences","description":"","url":"","address":{"@type":"PostalAddress","streetAddress":"24 rue Chanoinesse","addressLocality":"Paris","addressRegion":"Paris","postalCode":"75004","addressCountry":"France"},"telephone":"0661362398","sameAs":"https:\/\/lacitedesconsciences.fr\/"},"organizer":{"@type":"Person","name":"La Cit\u00e9 des Consciences","description":"","url":"","telephone":"","email":"","sameAs":""},"performer":"Organization"}}