{"id":11024,"global_id":"ad-dialoguesange.org\/en?id=11024","global_id_lineage":["ad-dialoguesange.org\/en?id=11024"],"author":"6","status":"publish","date":"2022-03-01 20:00:09","date_utc":"2022-03-01 19:00:09","modified":"2025-05-05 10:52:37","modified_utc":"2025-05-05 08:52:37","url":"https:\/\/ad-dialoguesange.org\/en\/event\/visio-rencontre-dialogues-ange-marguerite-kardos-8-fevrier-2024\/","rest_url":"https:\/\/ad-dialoguesange.org\/en\/wp-json\/tribe\/events\/v1\/events\/11024","title":"Visio-rencontre autour des \u00ab\u00a0Dialogues avec l&rsquo;Ange\u00a0\u00bb \u2013\u00a0Marguerite Kardos","description":"<h1 style=\"text-align: center\">Visio-rencontre autour du livre<br \/>\n\u00ab\u00a0Dialogues avec l&rsquo;Ange\u00a0\u00bb<\/h1>\n<h4 style=\"text-align: center\">anim\u00e9e par<\/h4>\n<h2 style=\"text-align: center\">Marguerite Kardos<\/h2>\n<h3 style=\"text-align: center\"><span style=\"color: #0000ff\">jeudi 8 f\u00e9vrier 2024 \u00e0 20h00<br \/>\n<\/span><\/h3>\n<h5 style=\"text-align: center\">En visioconf\u00e9rence par \u00ab Zoom \u00bb<br \/>\nOrganis\u00e9e par ADDA en collaboration avec \u00c0 Ciel Ouvert TV<\/h5>\n<p>&nbsp;<\/p>\n<p>Au c\u0153ur de l\u2019Europe d\u00e9chir\u00e9e, en 1943 et 1944, quatre jeunes artistes hongrois, en qu\u00eate de v\u00e9rit\u00e9, vivent une aventure spirituelle d\u2019une actualit\u00e9 br\u00fblante encore pour nous aujourd\u2019hui, dans notre \u00e9poque de transition.<\/p>\n<p>Dans ces soir\u00e9es, lectures \u00e0 haute voix alternent avec m\u00e9ditations et \u00e9changes sur des th\u00e8mes choisis sous le regard flamboyant des Anges sum\u00e9riens, persans, \u00e9gyptiens et chr\u00e9tiens.<\/p>\n<p>Une transformation s\u2019accomplit dans le secret de la pr\u00e9sence silencieuse et \u00ab\u00a0contagieuse\u00a0\u00bb de l\u2019Ange, ce plus haut niveau de soi, notre p\u00f4le de lumi\u00e8re. Laissons \u0153uvrer le silence, gardien des m\u00e9tamorphoses, et risquons \u00ab\u00a0un saut dans l\u2019inconnu\u00a0\u00bb.<\/p>\n<h4>Intervenants<\/h4>\n<figure id=\"attachment_39689\" aria-describedby=\"caption-attachment-39689\" style=\"width: 150px\" class=\"wp-caption alignleft\"><img loading=\"lazy\" decoding=\"async\" class=\"wp-image-39689 size-thumbnail\" src=\"https:\/\/acielouvertparis.org\/wp-content\/uploads\/2020\/11\/Marguerite_Kardos-Portrait_Home-Carre-150x150.jpg\" alt=\"Marguerite Kardos\" width=\"150\" height=\"150\" \/><figcaption id=\"caption-attachment-39689\" class=\"wp-caption-text\">Marguerite Kardos<\/figcaption><\/figure>\n<p>&nbsp;<\/p>\n<p class=\"brz-tp-paragraph brz-mb-lg-4 brz-text-lg-justify\"><span class=\"brz-cp-color7\"><strong>Marguerite Kardos<\/strong> est linguiste-orientaliste, sp\u00e9cialiste de Sumer et des m\u00e9decines sacr\u00e9es. Elle est \u00e9galement th\u00e9rapeute et praticienne en \u00e9nerg\u00e9tique chinoise traditionnelle, et vice-pr\u00e9sidente de l&rsquo;association <a href=\"https:\/\/acielouvertparis.org\/\" target=\"_blank\" rel=\"noopener noreferrer\">\u00c0 Ciel Ouvert Paris<\/a>.<\/span><\/p>\n<p class=\"brz-tp-paragraph brz-mb-lg-4 brz-text-lg-justify\"><span class=\"brz-cp-color7\">D&rsquo;origine hongroise et amie proche de Gitta Mallasz, elle est pr\u00e9sidente de l\u2019association <a href=\"https:\/\/ad-dialoguesange.org\/\" target=\"_blank\" rel=\"noopener noreferrer\">ADDA<\/a> qui s\u2019occupe de la diffusion des <em>Dialogues avec l\u2019Ange<\/em>.<\/span><\/p>\n<h4><\/h4>\n<h4><\/h4>\n<h4>Informations pratiques<\/h4>\n<h5>Horaires<\/h5>\n<ul>\n<li>un\u00a0 jeudi tous les 2 mois, par zoom de 20h00 \u00e0 22h00.<\/li>\n<\/ul>\n<p><em>Prochaines dates :<\/em><\/p>\n<ul>\n<li><strong>En 2024 :<\/strong>\u00a0 11 avril, 20 juin<\/li>\n<\/ul>\n<div style=\"background-color: #ffffff;border: 1px solid;padding: 1px 20px 1px 20px\">\n<h4>Inscription<\/h4>\n<p>Pour vous inscrire \u00e0 l&rsquo;\u00e9v\u00e8nement et recevoir le lien d&rsquo;acc\u00e8s \u00e0 la visioconf\u00e9rence cliquez sur le bouton ci-dessous pour rejoindre la page d&rsquo;inscription sur le site de A Ciel Ouvert TV<br \/>\n<a href=\"https:\/\/acielouvert.tv\/event\/visio-rencontre-dialogues-ange-marguerite-kardos-8-fevrier-2024\/\" target=\"_blank\" rel=\"noopener noreferrer\"><img loading=\"lazy\" decoding=\"async\" class=\"aligncenter wp-image-40451 size-medium\" src=\"https:\/\/ad-dialoguesange.org\/wp-content\/uploads\/2021\/11\/ADDA-Bouton-Inscription-512-300x65-1.png\" alt=\"JE M'INSCRIS\" width=\"300\" height=\"65\" \/><\/a><\/p>\n<\/div>","excerpt":"<p> Dans ces soir\u00e9es, lectures \u00e0 haute voix de \u00ab\u00a0Dialogues avec l&rsquo;Ange\u00a0\u00bb alternent avec m\u00e9ditations et \u00e9changes autour de cet enseignement d\u2019une actualit\u00e9 br\u00fblante.<\/p>","slug":"visio-rencontre-dialogues-ange-marguerite-kardos-8-fevrier-2024","image":{"url":"https:\/\/ad-dialoguesange.org\/wp-content\/uploads\/2023\/01\/LOGO-Visio.jpeg","id":10104,"extension":"jpeg","width":1280,"height":720,"filesize":483640,"sizes":{"thumbnail":{"width":150,"height":150,"mime-type":"image\/jpeg","filesize":8618,"url":"https:\/\/ad-dialoguesange.org\/wp-content\/uploads\/2023\/01\/LOGO-Visio-150x150.jpeg"},"medium":{"width":300,"height":169,"mime-type":"image\/jpeg","filesize":13919,"url":"https:\/\/ad-dialoguesange.org\/wp-content\/uploads\/2023\/01\/LOGO-Visio-300x169.jpeg"},"medium_large":{"width":768,"height":432,"mime-type":"image\/jpeg","filesize":63910,"url":"https:\/\/ad-dialoguesange.org\/wp-content\/uploads\/2023\/01\/LOGO-Visio-768x432.jpeg"},"large":{"width":1024,"height":576,"mime-type":"image\/jpeg","filesize":98259,"url":"https:\/\/ad-dialoguesange.org\/wp-content\/uploads\/2023\/01\/LOGO-Visio-1024x576.jpeg"},"1536x1536":{"width":1536,"height":864,"mime-type":"image\/jpeg","url":"https:\/\/ad-dialoguesange.org\/wp-content\/uploads\/2023\/01\/LOGO-Visio-1536x864.jpeg"},"trp-custom-language-flag":{"width":18,"height":10,"mime-type":"image\/jpeg","filesize":439,"url":"https:\/\/ad-dialoguesange.org\/wp-content\/uploads\/2023\/01\/LOGO-Visio-18x10.jpeg"}}},"all_day":false,"start_date":"2024-02-08 20:00:00","start_date_details":{"year":"2024","month":"02","day":"08","hour":"20","minutes":"00","seconds":"00"},"end_date":"2024-02-08 22:00:00","end_date_details":{"year":"2024","month":"02","day":"08","hour":"22","minutes":"00","seconds":"00"},"utc_start_date":"2024-02-08 18:00:00","utc_start_date_details":{"year":"2024","month":"02","day":"08","hour":"18","minutes":"00","seconds":"00"},"utc_end_date":"2024-02-08 20:00:00","utc_end_date_details":{"year":"2024","month":"02","day":"08","hour":"20","minutes":"00","seconds":"00"},"timezone":"UTC+2","timezone_abbr":"UTC+2","cost":"","cost_details":{"currency_symbol":"","currency_code":"","currency_position":"prefix","values":[]},"website":"","show_map":false,"show_map_link":false,"hide_from_listings":false,"sticky":false,"featured":false,"categories":[{"name":"\u00c0 la une","slug":"a-la-une","term_group":0,"term_taxonomy_id":37,"taxonomy":"tribe_events_cat","description":"\u00c9v\u00e8nements \u00e0 la une (affich\u00e9s sur la page d'accueil)","parent":36,"count":96,"filter":"raw","id":37,"urls":{"self":"https:\/\/ad-dialoguesange.org\/en\/wp-json\/tribe\/events\/v1\/categories\/37","collection":"https:\/\/ad-dialoguesange.org\/en\/wp-json\/tribe\/events\/v1\/categories","up":"https:\/\/ad-dialoguesange.org\/en\/wp-json\/tribe\/events\/v1\/categories\/36"}},{"name":"Rencontres","slug":"rencontres","term_group":0,"term_taxonomy_id":39,"taxonomy":"tribe_events_cat","description":"Rencontres autour des \u00ab\u00a0Dialogues avec l'Ange\u00a0\u00bb","parent":36,"count":90,"filter":"raw","id":39,"urls":{"self":"https:\/\/ad-dialoguesange.org\/en\/wp-json\/tribe\/events\/v1\/categories\/39","collection":"https:\/\/ad-dialoguesange.org\/en\/wp-json\/tribe\/events\/v1\/categories","up":"https:\/\/ad-dialoguesange.org\/en\/wp-json\/tribe\/events\/v1\/categories\/36"}}],"tags":[{"name":"Dialogues avec l'Ange","slug":"dialogues-avec-lange","term_group":0,"term_taxonomy_id":27,"taxonomy":"post_tag","description":"","parent":0,"count":103,"filter":"raw","id":27,"urls":{"self":"https:\/\/ad-dialoguesange.org\/en\/wp-json\/tribe\/events\/v1\/tags\/27","collection":"https:\/\/ad-dialoguesange.org\/en\/wp-json\/tribe\/events\/v1\/tags"}},{"name":"lecture","slug":"lecture","term_group":0,"term_taxonomy_id":34,"taxonomy":"post_tag","description":"","parent":0,"count":98,"filter":"raw","id":34,"urls":{"self":"https:\/\/ad-dialoguesange.org\/en\/wp-json\/tribe\/events\/v1\/tags\/34","collection":"https:\/\/ad-dialoguesange.org\/en\/wp-json\/tribe\/events\/v1\/tags"}},{"name":"Marguerite Kardos","slug":"marguerite-kardos","term_group":0,"term_taxonomy_id":33,"taxonomy":"post_tag","description":"","parent":0,"count":95,"filter":"raw","id":33,"urls":{"self":"https:\/\/ad-dialoguesange.org\/en\/wp-json\/tribe\/events\/v1\/tags\/33","collection":"https:\/\/ad-dialoguesange.org\/en\/wp-json\/tribe\/events\/v1\/tags"}},{"name":"m\u00e9ditation","slug":"meditation","term_group":0,"term_taxonomy_id":41,"taxonomy":"post_tag","description":"","parent":0,"count":95,"filter":"raw","id":41,"urls":{"self":"https:\/\/ad-dialoguesange.org\/en\/wp-json\/tribe\/events\/v1\/tags\/41","collection":"https:\/\/ad-dialoguesange.org\/en\/wp-json\/tribe\/events\/v1\/tags"}},{"name":"spiritualit\u00e9","slug":"spiritualite","term_group":0,"term_taxonomy_id":42,"taxonomy":"post_tag","description":"","parent":0,"count":96,"filter":"raw","id":42,"urls":{"self":"https:\/\/ad-dialoguesange.org\/en\/wp-json\/tribe\/events\/v1\/tags\/42","collection":"https:\/\/ad-dialoguesange.org\/en\/wp-json\/tribe\/events\/v1\/tags"}},{"name":"visioconf\u00e9rence","slug":"visioconference","term_group":0,"term_taxonomy_id":35,"taxonomy":"post_tag","description":"","parent":0,"count":56,"filter":"raw","id":35,"urls":{"self":"https:\/\/ad-dialoguesange.org\/en\/wp-json\/tribe\/events\/v1\/tags\/35","collection":"https:\/\/ad-dialoguesange.org\/en\/wp-json\/tribe\/events\/v1\/tags"}}],"venue":{"id":3088,"author":"6","status":"publish","date":"2021-11-13 12:43:09","date_utc":"2021-11-13 10:43:09","modified":"2025-02-19 00:18:25","modified_utc":"2025-02-18 23:18:25","url":"https:\/\/ad-dialoguesange.org\/en\/venue\/en-visioconference\/","venue":"Association Anam Cara","slug":"en-visioconference","address":"45 route des Eaux-Belles, Grand Cara,","city":"PRESINGE \/ GENEVE","country":"Switzerland","zip":"1243","json_ld":{"@type":"Place","name":"Association Anam Cara","description":"","url":"","address":{"@type":"PostalAddress","streetAddress":"45 route des Eaux-Belles, Grand Cara,","addressLocality":"PRESINGE \/ GENEVE","postalCode":"1243","addressCountry":"Switzerland"},"telephone":"","sameAs":""},"show_map":true,"show_map_link":true,"global_id":"ad-dialoguesange.org\/en?id=3088","global_id_lineage":["ad-dialoguesange.org\/en?id=3088"]},"organizer":[{"id":3089,"author":"6","status":"publish","date":"2021-11-13 12:43:09","date_utc":"2021-11-13 10:43:09","modified":"2023-09-26 22:58:20","modified_utc":"2023-09-26 20:58:20","url":"https:\/\/ad-dialoguesange.org\/en\/organiser\/adda\/","organizer":"Centre B\u00e9thanie","slug":"adda","phone":"03 87 52 02 28","website":"https:\/\/www.centre-bethanie.org\/","email":"contact@centre-bethanie.org","json_ld":{"@type":"Person","name":"Centre B\u00e9thanie","description":"","url":"https:\/\/www.centre-bethanie.org\/","telephone":"03 87 52 02 28","email":"c&#111;n&#116;act&#64;cen&#116;&#114;&#101;&#45;be&#116;h&#97;n&#105;&#101;.&#111;rg","sameAs":"https:\/\/www.centre-bethanie.org\/"},"global_id":"ad-dialoguesange.org\/en?id=3089","global_id_lineage":["ad-dialoguesange.org\/en?id=3089"]}],"custom_fields":[],"json_ld":{"@context":"http:\/\/schema.org","@type":"Event","name":"Visio-rencontre autour des \u00ab\u00a0Dialogues avec l&rsquo;Ange\u00a0\u00bb \u2013\u00a0Marguerite Kardos","description":"&lt;p&gt; Dans ces soir\u00e9es, lectures \u00e0 haute voix de &quot;Dialogues avec l\\'Ange&quot; alternent avec m\u00e9ditations et \u00e9changes autour de cet enseignement d\u2019une actualit\u00e9 br\u00fblante.&lt;\/p&gt;\\n","image":"https:\/\/ad-dialoguesange.org\/wp-content\/uploads\/2023\/01\/LOGO-Visio.jpeg","url":"https:\/\/ad-dialoguesange.org\/en\/event\/visio-rencontre-dialogues-ange-marguerite-kardos-8-fevrier-2024\/","eventAttendanceMode":"https:\/\/schema.org\/OfflineEventAttendanceMode","eventStatus":"https:\/\/schema.org\/EventScheduled","startDate":"2024-02-08T20:00:00+02:00","endDate":"2024-02-08T22:00:00+02:00","location":{"@type":"Place","name":"Association Anam Cara","description":"","url":"","address":{"@type":"PostalAddress","streetAddress":"45 route des Eaux-Belles, Grand Cara,","addressLocality":"PRESINGE \/ GENEVE","postalCode":"1243","addressCountry":"Switzerland"},"telephone":"","sameAs":""},"organizer":{"@type":"Person","name":"Centre B\u00e9thanie","description":"","url":"https:\/\/www.centre-bethanie.org\/","telephone":"03 87 52 02 28","email":"&#99;on&#116;ac&#116;&#64;&#99;entr&#101;-&#98;&#101;&#116;han&#105;&#101;.&#111;&#114;&#103;","sameAs":"https:\/\/www.centre-bethanie.org\/"},"performer":"Organization"}}