{"id":10995,"global_id":"ad-dialoguesange.org\/en?id=10995","global_id_lineage":["ad-dialoguesange.org\/en?id=10995"],"author":"6","status":"publish","date":"2022-10-01 20:00:09","date_utc":"2022-10-01 18:00:09","modified":"2025-05-05 10:52:37","modified_utc":"2025-05-05 08:52:37","url":"https:\/\/ad-dialoguesange.org\/en\/event\/cercle-da-aurelie-chalbos-2023-12-15\/","rest_url":"https:\/\/ad-dialoguesange.org\/en\/wp-json\/tribe\/events\/v1\/events\/10995","title":"Visio-cercle autour du livre \u00ab\u00a0Dialogues avec l\u2019Ange\u00a0\u00bb","description":"<h1 style=\"text-align: center\">Visio-cercle autour du livre \u00ab\u00a0Dialogues avec l\u2019Ange\u00a0\u00bb<\/h1>\n<h5 style=\"text-align: center\">Anim\u00e9 par<\/h5>\n<h2 style=\"text-align: center\">Aur\u00e9lie Chalbos<\/h2>\n<h4 style=\"text-align: center\">Vendredi 15 d\u00e9cembre 2023 \u00e0 15h00<\/h4>\n<h5 style=\"text-align: center\">En visioconf\u00e9rence par \u00ab\u00a0Zoom\u00a0\u00bb (ou en pr\u00e9sentiel \u00e0 la Cit\u00e9 des Consciences)<\/h5>\n<p><em>Dialogues avec l\u2019Ange<\/em>, ce message d\u2019esp\u00e9rance et de foi, r\u00e9sonne dans notre \u00e9poque de transition avec une actualit\u00e9 br\u00fblante.\u00a0Des millions de lecteurs se nourrissent de par le monde des\u00a0<em>Dialogues avec l\u2019Ange<\/em>, traduit en 22 langues.<\/p>\n<p>Autour d\u2019un th\u00e8me, la lecture de passages du livre \u00e0 tour de r\u00f4le est suivie d\u2019un partage des questionnements et des r\u00e9sonances du texte avec l\u2019exp\u00e9rience de chacun. L\u2019enseignement des anges ouvre de nouveaux yeux et de nouvelles oreilles donnant acc\u00e8s \u00e0 l\u2019inconnu de nous-m\u00eames, au service du Monde Nouveau, en \u00e9veillant le contact avec notre guide int\u00e9rieur pour nous accompagner \u00e0 accomplir notre t\u00e2che unique.<\/p>\n<p>Une rencontre \u00e0 distance, chacun depuis chez ordinateur, sa tablette ou son t\u00e9l\u00e9phone, anim\u00e9e par Aur\u00e9lie Chalbos pour approfondir individuellement et collectivement l\u2019enseignement spirituel des Dialogues avec l\u2019ange, le vivre au quotidien.<\/p>\n<p><em>\u00c9v\u00e8nement en visioconf\u00e9rence par Zoom ou en pr\u00e9sentiel \u00e0 la Cit\u00e9 des Consciences \u2013 Participation libre en conscience<\/em><\/p>\n<h4>Intervenante<\/h4>\n<div id=\"attachment_51819\" class=\"wp-caption alignleft\">\n<p><img loading=\"lazy\" decoding=\"async\" class=\"size-thumbnail wp-image-51819\" src=\"https:\/\/acielouvert.tv\/wp-content\/uploads\/2023\/06\/Aurelie_Chalbos-Portrait-600x600-1-150x150.jpg\" alt=\"Aur\u00e9lie Chalbos\" width=\"150\" height=\"150\" aria-describedby=\"caption-attachment-51819\" \/><\/p>\n<p id=\"caption-attachment-51819\" class=\"wp-caption-text\">Aur\u00e9lie Chalbos<\/p>\n<\/div>\n<p>&nbsp;<\/p>\n<p><strong>Aur\u00e9lie Chalbos<\/strong>\u00a0est th\u00e9rapeute psycho-corporel en \u00e9nerg\u00e9tique chinoise, massage Tuina, tango sacr\u00e9, Qi Gong et coaching professionnel.<\/p>\n<p>Anciennement ing\u00e9nieur dans l\u2019a\u00e9rospatial, co-fondatrice de\u00a0<a href=\"https:\/\/lacitedesconsciences.fr\/\" target=\"_blank\" rel=\"noopener\">La Cit\u00e9 des Consciences<\/a>\u00a0et du m\u00e9dia\u00a0<a href=\"https:\/\/acielouvert.tv\/\" target=\"_blank\" rel=\"noopener\">\u00c0 Ciel Ouvert TV<\/a>, elle se passionne \u00e0 tisser des liens et des rencontres vivantes pour accompagner la transformation int\u00e9rieure, individuelle et collective.<\/p>\n<h4><\/h4>\n<h4><\/h4>\n<h4><\/h4>\n<h4><strong>Informations pratiques<\/strong><\/h4>\n<h5><u><strong>Horaires :<\/strong><\/u><\/h5>\n<ul>\n<li>Les vendredis apr\u00e8s-midi, une fois par mois, de 15h \u00e0 17h.<\/li>\n<li>Prochains cercles :\u00a0\u00a0 12 janvier, 2 f\u00e9vrier, 15 mars, 5 avril, 24 mai, 21 juin 2024.<\/li>\n<\/ul>\n<h5>Tarifs :<\/h5>\n<p>En participation libre, en soutien aux frais d\u2019organisation des rencontres \u00e0 la Cit\u00e9 des Consciences et de diffusion et de production des vid\u00e9os par le m\u00e9dia \u00c0 Ciel Ouvert TV.<\/p>\n<h5>R\u00e9servations :<\/h5>\n<p>Pour vous inscrire \u00e0 l&rsquo;\u00e9v\u00e8nement, r\u00e9servez votre place d\u00e8s maintenant en cliquant sur l&rsquo;un des boutons ci-dessous pour acc\u00e9der \u00e0 la page de l&rsquo;\u00e9v\u00e8nement, puis suivez les instructions pour vous inscrire :<\/p>\n<h5><\/h5>\n<p><a href=\"https:\/\/acielouvert.tv\/event\/dialogues-ange-aurelie-chalbos-15-decembre-2023\/\" target=\"_blank\" rel=\"noopener\"><img loading=\"lazy\" decoding=\"async\" class=\"aligncenter wp-image-40451 size-medium\" src=\"https:\/\/acielouvert.tv\/wp-content\/uploads\/2022\/01\/ACOTV-Bouton-Inscription-Visio-512-300x65.png\" alt=\"JE M'INSCRIS\" width=\"300\" height=\"65\" \/><\/a><\/p>\n<h5>En pr\u00e9sentiel \u00e0 la Cit\u00e9 des Consciences :<\/h5>\n<p><a href=\"https:\/\/lacitedesconsciences.fr\/event\/dialogues-ange-aurelie-chalbos-15-decembre-2023\/\" target=\"_blank\" rel=\"noopener\"><img loading=\"lazy\" decoding=\"async\" class=\"aligncenter wp-image-45666 size-medium\" src=\"https:\/\/acielouvert.tv\/wp-content\/uploads\/2022\/01\/ACOTV-Bouton-Inscription-Presentiel-512-300x65.png\" alt=\"Je m'inscris en pr\u00e9sentiel\" width=\"300\" height=\"65\" \/><\/a><\/p>","excerpt":"<p>Alchimie entre lectures th\u00e9matiques des Dialogues avec l\u2019Ange, ce message d\u2019esp\u00e9rance et de foi d\u2019une actualit\u00e9 br\u00fblante dans notre \u00e9poque de transition, et partages autour de nos questionnements vivants en r\u00e9sonances avec l\u2019exp\u00e9rience de chacun, pour nous accompagner sur notre propre chemin.<\/p>","slug":"cercle-da-aurelie-chalbos-2023-12-15","image":{"url":"https:\/\/ad-dialoguesange.org\/wp-content\/uploads\/2023\/09\/LCDC-Aurelie_Chalbos-Cercle_DAA_2023-2024-FHD.jpg","id":10755,"extension":"jpg","width":863,"height":483,"filesize":77053,"sizes":{"thumbnail":{"width":150,"height":150,"mime-type":"image\/jpeg","filesize":6786,"url":"https:\/\/ad-dialoguesange.org\/wp-content\/uploads\/2023\/09\/LCDC-Aurelie_Chalbos-Cercle_DAA_2023-2024-FHD-150x150.jpg"},"medium":{"width":300,"height":168,"mime-type":"image\/jpeg","filesize":13907,"url":"https:\/\/ad-dialoguesange.org\/wp-content\/uploads\/2023\/09\/LCDC-Aurelie_Chalbos-Cercle_DAA_2023-2024-FHD-300x168.jpg"},"medium_large":{"width":768,"height":430,"mime-type":"image\/jpeg","filesize":60358,"url":"https:\/\/ad-dialoguesange.org\/wp-content\/uploads\/2023\/09\/LCDC-Aurelie_Chalbos-Cercle_DAA_2023-2024-FHD-768x430.jpg"},"large":{"width":1024,"height":576,"mime-type":"image\/jpeg","filesize":110905,"url":"https:\/\/ad-dialoguesange.org\/wp-content\/uploads\/2023\/09\/LCDC-Aurelie_Chalbos-Cercle_DAA_2023-2024-FHD-1024x576.jpg"},"1536x1536":{"width":1536,"height":864,"mime-type":"image\/jpeg","filesize":213981,"url":"https:\/\/ad-dialoguesange.org\/wp-content\/uploads\/2023\/09\/LCDC-Aurelie_Chalbos-Cercle_DAA_2023-2024-FHD-1536x864.jpg"},"trp-custom-language-flag":{"width":18,"height":10,"mime-type":"image\/jpeg","filesize":449,"url":"https:\/\/ad-dialoguesange.org\/wp-content\/uploads\/2023\/09\/LCDC-Aurelie_Chalbos-Cercle_DAA_2023-2024-FHD-18x10.jpg"}}},"all_day":false,"start_date":"2023-12-15 15:00:00","start_date_details":{"year":"2023","month":"12","day":"15","hour":"15","minutes":"00","seconds":"00"},"end_date":"2023-12-15 17:00:00","end_date_details":{"year":"2023","month":"12","day":"15","hour":"17","minutes":"00","seconds":"00"},"utc_start_date":"2023-12-15 13:00:00","utc_start_date_details":{"year":"2023","month":"12","day":"15","hour":"13","minutes":"00","seconds":"00"},"utc_end_date":"2023-12-15 15:00:00","utc_end_date_details":{"year":"2023","month":"12","day":"15","hour":"15","minutes":"00","seconds":"00"},"timezone":"UTC+2","timezone_abbr":"UTC+2","cost":"","cost_details":{"currency_symbol":"","currency_code":"","currency_position":"prefix","values":[]},"website":"","show_map":false,"show_map_link":false,"hide_from_listings":false,"sticky":false,"featured":false,"categories":[{"name":"\u00c0 la une","slug":"a-la-une","term_group":0,"term_taxonomy_id":37,"taxonomy":"tribe_events_cat","description":"\u00c9v\u00e8nements \u00e0 la une (affich\u00e9s sur la page d'accueil)","parent":36,"count":96,"filter":"raw","id":37,"urls":{"self":"https:\/\/ad-dialoguesange.org\/en\/wp-json\/tribe\/events\/v1\/categories\/37","collection":"https:\/\/ad-dialoguesange.org\/en\/wp-json\/tribe\/events\/v1\/categories","up":"https:\/\/ad-dialoguesange.org\/en\/wp-json\/tribe\/events\/v1\/categories\/36"}},{"name":"Rencontres","slug":"rencontres","term_group":0,"term_taxonomy_id":39,"taxonomy":"tribe_events_cat","description":"Rencontres autour des \u00ab\u00a0Dialogues avec l'Ange\u00a0\u00bb","parent":36,"count":90,"filter":"raw","id":39,"urls":{"self":"https:\/\/ad-dialoguesange.org\/en\/wp-json\/tribe\/events\/v1\/categories\/39","collection":"https:\/\/ad-dialoguesange.org\/en\/wp-json\/tribe\/events\/v1\/categories","up":"https:\/\/ad-dialoguesange.org\/en\/wp-json\/tribe\/events\/v1\/categories\/36"}}],"tags":[{"name":"Dialogues avec l'Ange","slug":"dialogues-avec-lange","term_group":0,"term_taxonomy_id":27,"taxonomy":"post_tag","description":"","parent":0,"count":103,"filter":"raw","id":27,"urls":{"self":"https:\/\/ad-dialoguesange.org\/en\/wp-json\/tribe\/events\/v1\/tags\/27","collection":"https:\/\/ad-dialoguesange.org\/en\/wp-json\/tribe\/events\/v1\/tags"}},{"name":"lecture","slug":"lecture","term_group":0,"term_taxonomy_id":34,"taxonomy":"post_tag","description":"","parent":0,"count":98,"filter":"raw","id":34,"urls":{"self":"https:\/\/ad-dialoguesange.org\/en\/wp-json\/tribe\/events\/v1\/tags\/34","collection":"https:\/\/ad-dialoguesange.org\/en\/wp-json\/tribe\/events\/v1\/tags"}},{"name":"m\u00e9ditation","slug":"meditation","term_group":0,"term_taxonomy_id":41,"taxonomy":"post_tag","description":"","parent":0,"count":95,"filter":"raw","id":41,"urls":{"self":"https:\/\/ad-dialoguesange.org\/en\/wp-json\/tribe\/events\/v1\/tags\/41","collection":"https:\/\/ad-dialoguesange.org\/en\/wp-json\/tribe\/events\/v1\/tags"}},{"name":"spiritualit\u00e9","slug":"spiritualite","term_group":0,"term_taxonomy_id":42,"taxonomy":"post_tag","description":"","parent":0,"count":96,"filter":"raw","id":42,"urls":{"self":"https:\/\/ad-dialoguesange.org\/en\/wp-json\/tribe\/events\/v1\/tags\/42","collection":"https:\/\/ad-dialoguesange.org\/en\/wp-json\/tribe\/events\/v1\/tags"}},{"name":"visioconf\u00e9rence","slug":"visioconference","term_group":0,"term_taxonomy_id":35,"taxonomy":"post_tag","description":"","parent":0,"count":56,"filter":"raw","id":35,"urls":{"self":"https:\/\/ad-dialoguesange.org\/en\/wp-json\/tribe\/events\/v1\/tags\/35","collection":"https:\/\/ad-dialoguesange.org\/en\/wp-json\/tribe\/events\/v1\/tags"}}],"venue":{"id":7143,"author":"5","status":"publish","date":"2022-02-27 23:50:42","date_utc":"2022-02-27 22:50:42","modified":"2022-02-27 23:50:42","modified_utc":"2022-02-27 22:50:42","url":"https:\/\/ad-dialoguesange.org\/en\/venue\/a-la-cite-des-consciences\/","venue":"\u00c0 la Cite des Consciences","slug":"a-la-cite-des-consciences","address":"24 rue Chanoinesse","city":"Paris","country":"France","province":"Paris","zip":"75004","phone":"0661362398","website":"https:\/\/lacitedesconsciences.fr\/","stateprovince":"Paris","json_ld":{"@type":"Place","name":"\u00c0 la Cite des Consciences","description":"","url":"","address":{"@type":"PostalAddress","streetAddress":"24 rue Chanoinesse","addressLocality":"Paris","addressRegion":"Paris","postalCode":"75004","addressCountry":"France"},"telephone":"0661362398","sameAs":"https:\/\/lacitedesconsciences.fr\/"},"show_map":true,"show_map_link":true,"global_id":"ad-dialoguesange.org\/en?id=7143","global_id_lineage":["ad-dialoguesange.org\/en?id=7143"]},"organizer":[{"id":10746,"author":"4","status":"publish","date":"2023-09-11 10:16:47","date_utc":"2023-09-11 08:16:47","modified":"2023-09-11 10:16:47","modified_utc":"2023-09-11 08:16:47","url":"https:\/\/ad-dialoguesange.org\/en\/organiser\/la-cite-des-consciences\/","organizer":"La Cit\u00e9 des Consciences","slug":"la-cite-des-consciences","json_ld":{"@type":"Person","name":"La Cit\u00e9 des Consciences","description":"","url":"","telephone":"","email":"","sameAs":""},"global_id":"ad-dialoguesange.org\/en?id=10746","global_id_lineage":["ad-dialoguesange.org\/en?id=10746"]}],"custom_fields":[],"json_ld":{"@context":"http:\/\/schema.org","@type":"Event","name":"Visio-cercle autour du livre \u00ab\u00a0Dialogues avec l\u2019Ange\u00a0\u00bb","description":"&lt;p&gt;Alchimie entre lectures th\u00e9matiques des Dialogues avec l\u2019Ange, ce message d\u2019esp\u00e9rance et de foi d\u2019une actualit\u00e9 br\u00fblante dans notre \u00e9poque de transition, et partages autour de nos questionnements vivants en r\u00e9sonances avec l\u2019exp\u00e9rience de chacun, pour nous accompagner sur notre propre chemin.&lt;\/p&gt;\\n","image":"https:\/\/ad-dialoguesange.org\/wp-content\/uploads\/2023\/09\/LCDC-Aurelie_Chalbos-Cercle_DAA_2023-2024-FHD.jpg","url":"https:\/\/ad-dialoguesange.org\/en\/event\/cercle-da-aurelie-chalbos-2023-12-15\/","eventAttendanceMode":"https:\/\/schema.org\/OfflineEventAttendanceMode","eventStatus":"https:\/\/schema.org\/EventScheduled","startDate":"2023-12-15T15:00:00+02:00","endDate":"2023-12-15T17:00:00+02:00","location":{"@type":"Place","name":"\u00c0 la Cite des Consciences","description":"","url":"","address":{"@type":"PostalAddress","streetAddress":"24 rue Chanoinesse","addressLocality":"Paris","addressRegion":"Paris","postalCode":"75004","addressCountry":"France"},"telephone":"0661362398","sameAs":"https:\/\/lacitedesconsciences.fr\/"},"organizer":{"@type":"Person","name":"La Cit\u00e9 des Consciences","description":"","url":"","telephone":"","email":"","sameAs":""},"performer":"Organization"}}